{"id":2957,"date":"2023-03-31T13:40:53","date_gmt":"2023-03-31T11:40:53","guid":{"rendered":"https:\/\/lifezerosilibrine.eu\/jornada-de-economia-circular-en-la-facultad-de-ciencias-de-la-universidad-de-zaragoza\/"},"modified":"2024-02-15T09:02:11","modified_gmt":"2024-02-15T08:02:11","slug":"jornada-de-economia-circular-en-la-facultad-de-ciencias-de-la-universidad-de-zaragoza","status":"publish","type":"post","link":"https:\/\/lifezerosilibrine.eu\/es\/jornada-de-economia-circular-en-la-facultad-de-ciencias-de-la-universidad-de-zaragoza\/","title":{"rendered":"Jornada de Econom\u00eda Circular en la Facultad de Ciencias de la Universidad de Zaragoza"},"content":{"rendered":"\n<p>El pasado 22 de Marzo de 2023, en la Facultad de Ciencias de la Universidad de Zaragoza, tuvo lugar la jornada \u201cGesti\u00f3n de proyecto en la industria qu\u00edmica para el siglo XXI. Hacia un 2030 sostenible\u201d. La jornada estuvo organizada por el proyecto LIFE ZEROSILIBRINE, la C\u00e1tedra IQE, el Colegio Oficial de Qu\u00edmicos de Arag\u00f3n y Navarra y la Facultad de Ciencias de la Universidad de Zaragoza.<\/p>\n\n\n\n<p>La jornada fue todo un \u00e9xito, participando los alumnos del M\u00e1ster en Qu\u00edmica Industrial de la Universidad de Zaragoza. En el evento, particip\u00f3 Luis Morell\u00f3n (Decano de la Facultad de Ciencias), Ana Elduque (Decana del Colegio Oficial de Qu\u00edmicos de Arag\u00f3n y Navarra), Juanjo Ortega (COQAN) y Miguel Cano (Grupo IQE y responsable del proyecto LIFE ZEROSILIBRINE).<\/p>\n\n\n\n<figure class=\"wp-block-image size-full\"><img fetchpriority=\"high\" decoding=\"async\" width=\"1024\" height=\"620\" src=\"https:\/\/lifezerosilibrine.eu\/wp-content\/uploads\/2024\/02\/Jornada-universidad-Zaragoza.jpg\" alt=\"\" class=\"wp-image-2977\" srcset=\"https:\/\/lifezerosilibrine.eu\/wp-content\/uploads\/2024\/02\/Jornada-universidad-Zaragoza.jpg 1024w, https:\/\/lifezerosilibrine.eu\/wp-content\/uploads\/2024\/02\/Jornada-universidad-Zaragoza-300x182.jpg 300w, https:\/\/lifezerosilibrine.eu\/wp-content\/uploads\/2024\/02\/Jornada-universidad-Zaragoza-768x465.jpg 768w\" sizes=\"(max-width: 1024px) 100vw, 1024px\" \/><\/figure>\n","protected":false},"excerpt":{"rendered":"<p>El pasado 22 de Marzo de 2023, en la Facultad de Ciencias de la Universidad de Zaragoza, tuvo lugar la jornada \u201cGesti\u00f3n de proyecto en la industria qu\u00edmica para el siglo XXI. Hacia un 2030 sostenible\u201d. La jornada estuvo organizada por el proyecto LIFE ZEROSILIBRINE, la C\u00e1tedra IQE, el Colegio Oficial de Qu\u00edmicos de Arag\u00f3n [&hellip;]<\/p>\n","protected":false},"author":3,"featured_media":2977,"comment_status":"closed","ping_status":"open","sticky":false,"template":"","format":"standard","meta":{"footnotes":""},"categories":[38,39],"tags":[],"class_list":["post-2957","post","type-post","status-publish","format-standard","has-post-thumbnail","hentry","category-eventos","category-proyecto"],"yoast_head":"<!-- This site is optimized with the Yoast SEO plugin v23.5 - https:\/\/yoast.com\/wordpress\/plugins\/seo\/ -->\n<title>Jornada de Econom\u00eda Circular en la Facultad de Ciencias de la Universidad de Zaragoza - Life Zero Sili Brine<\/title>\n<meta name=\"robots\" content=\"index, follow, max-snippet:-1, max-image-preview:large, max-video-preview:-1\" \/>\n<link rel=\"canonical\" href=\"https:\/\/lifezerosilibrine.eu\/es\/jornada-de-economia-circular-en-la-facultad-de-ciencias-de-la-universidad-de-zaragoza\/\" \/>\n<meta property=\"og:locale\" content=\"es_ES\" \/>\n<meta property=\"og:type\" content=\"article\" \/>\n<meta property=\"og:title\" content=\"Jornada de Econom\u00eda Circular en la Facultad de Ciencias de la Universidad de Zaragoza - Life Zero Sili Brine\" \/>\n<meta property=\"og:description\" content=\"El pasado 22 de Marzo de 2023, en la Facultad de Ciencias de la Universidad de Zaragoza, tuvo lugar la jornada \u201cGesti\u00f3n de proyecto en la industria qu\u00edmica para el siglo XXI. Hacia un 2030 sostenible\u201d. La jornada estuvo organizada por el proyecto LIFE ZEROSILIBRINE, la C\u00e1tedra IQE, el Colegio Oficial de Qu\u00edmicos de Arag\u00f3n [&hellip;]\" \/>\n<meta property=\"og:url\" content=\"https:\/\/lifezerosilibrine.eu\/es\/jornada-de-economia-circular-en-la-facultad-de-ciencias-de-la-universidad-de-zaragoza\/\" \/>\n<meta property=\"og:site_name\" content=\"Life Zero Sili Brine\" \/>\n<meta property=\"article:published_time\" content=\"2023-03-31T11:40:53+00:00\" \/>\n<meta property=\"article:modified_time\" content=\"2024-02-15T08:02:11+00:00\" \/>\n<meta property=\"og:image\" content=\"https:\/\/lifezerosilibrine.eu\/wp-content\/uploads\/2024\/02\/Jornada-universidad-Zaragoza.jpg\" \/>\n\t<meta property=\"og:image:width\" content=\"1024\" \/>\n\t<meta property=\"og:image:height\" content=\"620\" \/>\n\t<meta property=\"og:image:type\" content=\"image\/jpeg\" \/>\n<meta name=\"author\" content=\"Miguel Cano\" \/>\n<meta name=\"twitter:card\" content=\"summary_large_image\" \/>\n<meta name=\"twitter:label1\" content=\"Escrito por\" \/>\n\t<meta name=\"twitter:data1\" content=\"Miguel Cano\" \/>\n\t<meta name=\"twitter:label2\" content=\"Tiempo de lectura\" \/>\n\t<meta name=\"twitter:data2\" content=\"1 minuto\" \/>\n<script type=\"application\/ld+json\" class=\"yoast-schema-graph\">{\"@context\":\"https:\/\/schema.org\",\"@graph\":[{\"@type\":\"Article\",\"@id\":\"https:\/\/lifezerosilibrine.eu\/es\/jornada-de-economia-circular-en-la-facultad-de-ciencias-de-la-universidad-de-zaragoza\/#article\",\"isPartOf\":{\"@id\":\"https:\/\/lifezerosilibrine.eu\/es\/jornada-de-economia-circular-en-la-facultad-de-ciencias-de-la-universidad-de-zaragoza\/\"},\"author\":{\"name\":\"Miguel Cano\",\"@id\":\"https:\/\/lifezerosilibrine.eu\/#\/schema\/person\/f7a9b2843a921d8ee4942fada4ee1ba3\"},\"headline\":\"Jornada de Econom\u00eda Circular en la Facultad de Ciencias de la Universidad de Zaragoza\",\"datePublished\":\"2023-03-31T11:40:53+00:00\",\"dateModified\":\"2024-02-15T08:02:11+00:00\",\"mainEntityOfPage\":{\"@id\":\"https:\/\/lifezerosilibrine.eu\/es\/jornada-de-economia-circular-en-la-facultad-de-ciencias-de-la-universidad-de-zaragoza\/\"},\"wordCount\":146,\"publisher\":{\"@id\":\"https:\/\/lifezerosilibrine.eu\/#organization\"},\"image\":{\"@id\":\"https:\/\/lifezerosilibrine.eu\/es\/jornada-de-economia-circular-en-la-facultad-de-ciencias-de-la-universidad-de-zaragoza\/#primaryimage\"},\"thumbnailUrl\":\"https:\/\/lifezerosilibrine.eu\/wp-content\/uploads\/2024\/02\/Jornada-universidad-Zaragoza.jpg\",\"articleSection\":[\"Eventos\",\"Proyecto\"],\"inLanguage\":\"es\"},{\"@type\":\"WebPage\",\"@id\":\"https:\/\/lifezerosilibrine.eu\/es\/jornada-de-economia-circular-en-la-facultad-de-ciencias-de-la-universidad-de-zaragoza\/\",\"url\":\"https:\/\/lifezerosilibrine.eu\/es\/jornada-de-economia-circular-en-la-facultad-de-ciencias-de-la-universidad-de-zaragoza\/\",\"name\":\"Jornada de Econom\u00eda Circular en la Facultad de Ciencias de la Universidad de Zaragoza - Life Zero Sili Brine\",\"isPartOf\":{\"@id\":\"https:\/\/lifezerosilibrine.eu\/#website\"},\"primaryImageOfPage\":{\"@id\":\"https:\/\/lifezerosilibrine.eu\/es\/jornada-de-economia-circular-en-la-facultad-de-ciencias-de-la-universidad-de-zaragoza\/#primaryimage\"},\"image\":{\"@id\":\"https:\/\/lifezerosilibrine.eu\/es\/jornada-de-economia-circular-en-la-facultad-de-ciencias-de-la-universidad-de-zaragoza\/#primaryimage\"},\"thumbnailUrl\":\"https:\/\/lifezerosilibrine.eu\/wp-content\/uploads\/2024\/02\/Jornada-universidad-Zaragoza.jpg\",\"datePublished\":\"2023-03-31T11:40:53+00:00\",\"dateModified\":\"2024-02-15T08:02:11+00:00\",\"breadcrumb\":{\"@id\":\"https:\/\/lifezerosilibrine.eu\/es\/jornada-de-economia-circular-en-la-facultad-de-ciencias-de-la-universidad-de-zaragoza\/#breadcrumb\"},\"inLanguage\":\"es\",\"potentialAction\":[{\"@type\":\"ReadAction\",\"target\":[\"https:\/\/lifezerosilibrine.eu\/es\/jornada-de-economia-circular-en-la-facultad-de-ciencias-de-la-universidad-de-zaragoza\/\"]}]},{\"@type\":\"ImageObject\",\"inLanguage\":\"es\",\"@id\":\"https:\/\/lifezerosilibrine.eu\/es\/jornada-de-economia-circular-en-la-facultad-de-ciencias-de-la-universidad-de-zaragoza\/#primaryimage\",\"url\":\"https:\/\/lifezerosilibrine.eu\/wp-content\/uploads\/2024\/02\/Jornada-universidad-Zaragoza.jpg\",\"contentUrl\":\"https:\/\/lifezerosilibrine.eu\/wp-content\/uploads\/2024\/02\/Jornada-universidad-Zaragoza.jpg\",\"width\":1024,\"height\":620},{\"@type\":\"BreadcrumbList\",\"@id\":\"https:\/\/lifezerosilibrine.eu\/es\/jornada-de-economia-circular-en-la-facultad-de-ciencias-de-la-universidad-de-zaragoza\/#breadcrumb\",\"itemListElement\":[{\"@type\":\"ListItem\",\"position\":1,\"name\":\"Home\",\"item\":\"https:\/\/lifezerosilibrine.eu\/es\/\"},{\"@type\":\"ListItem\",\"position\":2,\"name\":\"Jornada de Econom\u00eda Circular en la Facultad de Ciencias de la Universidad de Zaragoza\"}]},{\"@type\":\"WebSite\",\"@id\":\"https:\/\/lifezerosilibrine.eu\/#website\",\"url\":\"https:\/\/lifezerosilibrine.eu\/\",\"name\":\"Life Zero Sili Brine\",\"description\":\"Tecnolog\u00edas innovadoras para el tratamiento del vertido producido en la producci\u00f3n de s\u00edlice precipitada\",\"publisher\":{\"@id\":\"https:\/\/lifezerosilibrine.eu\/#organization\"},\"potentialAction\":[{\"@type\":\"SearchAction\",\"target\":{\"@type\":\"EntryPoint\",\"urlTemplate\":\"https:\/\/lifezerosilibrine.eu\/?s={search_term_string}\"},\"query-input\":{\"@type\":\"PropertyValueSpecification\",\"valueRequired\":true,\"valueName\":\"search_term_string\"}}],\"inLanguage\":\"es\"},{\"@type\":\"Organization\",\"@id\":\"https:\/\/lifezerosilibrine.eu\/#organization\",\"name\":\"Life Zero Sili Brine\",\"url\":\"https:\/\/lifezerosilibrine.eu\/\",\"logo\":{\"@type\":\"ImageObject\",\"inLanguage\":\"es\",\"@id\":\"https:\/\/lifezerosilibrine.eu\/#\/schema\/logo\/image\/\",\"url\":\"https:\/\/lifezerosilibrine.eu\/wp-content\/uploads\/2022\/03\/logotipo-lifezerosilibrine.png\",\"contentUrl\":\"https:\/\/lifezerosilibrine.eu\/wp-content\/uploads\/2022\/03\/logotipo-lifezerosilibrine.png\",\"width\":1199,\"height\":587,\"caption\":\"Life Zero Sili Brine\"},\"image\":{\"@id\":\"https:\/\/lifezerosilibrine.eu\/#\/schema\/logo\/image\/\"}},{\"@type\":\"Person\",\"@id\":\"https:\/\/lifezerosilibrine.eu\/#\/schema\/person\/f7a9b2843a921d8ee4942fada4ee1ba3\",\"name\":\"Miguel Cano\",\"image\":{\"@type\":\"ImageObject\",\"inLanguage\":\"es\",\"@id\":\"https:\/\/lifezerosilibrine.eu\/#\/schema\/person\/image\/\",\"url\":\"https:\/\/secure.gravatar.com\/avatar\/26b187222c54292b5cc1fb6c719369181133c469ce662f5d1e17dcf44cad8ab9?s=96&d=mm&r=g\",\"contentUrl\":\"https:\/\/secure.gravatar.com\/avatar\/26b187222c54292b5cc1fb6c719369181133c469ce662f5d1e17dcf44cad8ab9?s=96&d=mm&r=g\",\"caption\":\"Miguel Cano\"},\"url\":\"https:\/\/lifezerosilibrine.eu\/es\/author\/miguel-cano\/\"}]}<\/script>\n<!-- \/ Yoast SEO plugin. -->","yoast_head_json":{"title":"Jornada de Econom\u00eda Circular en la Facultad de Ciencias de la Universidad de Zaragoza - Life Zero Sili Brine","robots":{"index":"index","follow":"follow","max-snippet":"max-snippet:-1","max-image-preview":"max-image-preview:large","max-video-preview":"max-video-preview:-1"},"canonical":"https:\/\/lifezerosilibrine.eu\/es\/jornada-de-economia-circular-en-la-facultad-de-ciencias-de-la-universidad-de-zaragoza\/","og_locale":"es_ES","og_type":"article","og_title":"Jornada de Econom\u00eda Circular en la Facultad de Ciencias de la Universidad de Zaragoza - Life Zero Sili Brine","og_description":"El pasado 22 de Marzo de 2023, en la Facultad de Ciencias de la Universidad de Zaragoza, tuvo lugar la jornada \u201cGesti\u00f3n de proyecto en la industria qu\u00edmica para el siglo XXI. Hacia un 2030 sostenible\u201d. La jornada estuvo organizada por el proyecto LIFE ZEROSILIBRINE, la C\u00e1tedra IQE, el Colegio Oficial de Qu\u00edmicos de Arag\u00f3n [&hellip;]","og_url":"https:\/\/lifezerosilibrine.eu\/es\/jornada-de-economia-circular-en-la-facultad-de-ciencias-de-la-universidad-de-zaragoza\/","og_site_name":"Life Zero Sili Brine","article_published_time":"2023-03-31T11:40:53+00:00","article_modified_time":"2024-02-15T08:02:11+00:00","og_image":[{"width":1024,"height":620,"url":"https:\/\/lifezerosilibrine.eu\/wp-content\/uploads\/2024\/02\/Jornada-universidad-Zaragoza.jpg","type":"image\/jpeg"}],"author":"Miguel Cano","twitter_card":"summary_large_image","twitter_misc":{"Escrito por":"Miguel Cano","Tiempo de lectura":"1 minuto"},"schema":{"@context":"https:\/\/schema.org","@graph":[{"@type":"Article","@id":"https:\/\/lifezerosilibrine.eu\/es\/jornada-de-economia-circular-en-la-facultad-de-ciencias-de-la-universidad-de-zaragoza\/#article","isPartOf":{"@id":"https:\/\/lifezerosilibrine.eu\/es\/jornada-de-economia-circular-en-la-facultad-de-ciencias-de-la-universidad-de-zaragoza\/"},"author":{"name":"Miguel Cano","@id":"https:\/\/lifezerosilibrine.eu\/#\/schema\/person\/f7a9b2843a921d8ee4942fada4ee1ba3"},"headline":"Jornada de Econom\u00eda Circular en la Facultad de Ciencias de la Universidad de Zaragoza","datePublished":"2023-03-31T11:40:53+00:00","dateModified":"2024-02-15T08:02:11+00:00","mainEntityOfPage":{"@id":"https:\/\/lifezerosilibrine.eu\/es\/jornada-de-economia-circular-en-la-facultad-de-ciencias-de-la-universidad-de-zaragoza\/"},"wordCount":146,"publisher":{"@id":"https:\/\/lifezerosilibrine.eu\/#organization"},"image":{"@id":"https:\/\/lifezerosilibrine.eu\/es\/jornada-de-economia-circular-en-la-facultad-de-ciencias-de-la-universidad-de-zaragoza\/#primaryimage"},"thumbnailUrl":"https:\/\/lifezerosilibrine.eu\/wp-content\/uploads\/2024\/02\/Jornada-universidad-Zaragoza.jpg","articleSection":["Eventos","Proyecto"],"inLanguage":"es"},{"@type":"WebPage","@id":"https:\/\/lifezerosilibrine.eu\/es\/jornada-de-economia-circular-en-la-facultad-de-ciencias-de-la-universidad-de-zaragoza\/","url":"https:\/\/lifezerosilibrine.eu\/es\/jornada-de-economia-circular-en-la-facultad-de-ciencias-de-la-universidad-de-zaragoza\/","name":"Jornada de Econom\u00eda Circular en la Facultad de Ciencias de la Universidad de Zaragoza - Life Zero Sili Brine","isPartOf":{"@id":"https:\/\/lifezerosilibrine.eu\/#website"},"primaryImageOfPage":{"@id":"https:\/\/lifezerosilibrine.eu\/es\/jornada-de-economia-circular-en-la-facultad-de-ciencias-de-la-universidad-de-zaragoza\/#primaryimage"},"image":{"@id":"https:\/\/lifezerosilibrine.eu\/es\/jornada-de-economia-circular-en-la-facultad-de-ciencias-de-la-universidad-de-zaragoza\/#primaryimage"},"thumbnailUrl":"https:\/\/lifezerosilibrine.eu\/wp-content\/uploads\/2024\/02\/Jornada-universidad-Zaragoza.jpg","datePublished":"2023-03-31T11:40:53+00:00","dateModified":"2024-02-15T08:02:11+00:00","breadcrumb":{"@id":"https:\/\/lifezerosilibrine.eu\/es\/jornada-de-economia-circular-en-la-facultad-de-ciencias-de-la-universidad-de-zaragoza\/#breadcrumb"},"inLanguage":"es","potentialAction":[{"@type":"ReadAction","target":["https:\/\/lifezerosilibrine.eu\/es\/jornada-de-economia-circular-en-la-facultad-de-ciencias-de-la-universidad-de-zaragoza\/"]}]},{"@type":"ImageObject","inLanguage":"es","@id":"https:\/\/lifezerosilibrine.eu\/es\/jornada-de-economia-circular-en-la-facultad-de-ciencias-de-la-universidad-de-zaragoza\/#primaryimage","url":"https:\/\/lifezerosilibrine.eu\/wp-content\/uploads\/2024\/02\/Jornada-universidad-Zaragoza.jpg","contentUrl":"https:\/\/lifezerosilibrine.eu\/wp-content\/uploads\/2024\/02\/Jornada-universidad-Zaragoza.jpg","width":1024,"height":620},{"@type":"BreadcrumbList","@id":"https:\/\/lifezerosilibrine.eu\/es\/jornada-de-economia-circular-en-la-facultad-de-ciencias-de-la-universidad-de-zaragoza\/#breadcrumb","itemListElement":[{"@type":"ListItem","position":1,"name":"Home","item":"https:\/\/lifezerosilibrine.eu\/es\/"},{"@type":"ListItem","position":2,"name":"Jornada de Econom\u00eda Circular en la Facultad de Ciencias de la Universidad de Zaragoza"}]},{"@type":"WebSite","@id":"https:\/\/lifezerosilibrine.eu\/#website","url":"https:\/\/lifezerosilibrine.eu\/","name":"Life Zero Sili Brine","description":"Tecnolog\u00edas innovadoras para el tratamiento del vertido producido en la producci\u00f3n de s\u00edlice precipitada","publisher":{"@id":"https:\/\/lifezerosilibrine.eu\/#organization"},"potentialAction":[{"@type":"SearchAction","target":{"@type":"EntryPoint","urlTemplate":"https:\/\/lifezerosilibrine.eu\/?s={search_term_string}"},"query-input":{"@type":"PropertyValueSpecification","valueRequired":true,"valueName":"search_term_string"}}],"inLanguage":"es"},{"@type":"Organization","@id":"https:\/\/lifezerosilibrine.eu\/#organization","name":"Life Zero Sili Brine","url":"https:\/\/lifezerosilibrine.eu\/","logo":{"@type":"ImageObject","inLanguage":"es","@id":"https:\/\/lifezerosilibrine.eu\/#\/schema\/logo\/image\/","url":"https:\/\/lifezerosilibrine.eu\/wp-content\/uploads\/2022\/03\/logotipo-lifezerosilibrine.png","contentUrl":"https:\/\/lifezerosilibrine.eu\/wp-content\/uploads\/2022\/03\/logotipo-lifezerosilibrine.png","width":1199,"height":587,"caption":"Life Zero Sili Brine"},"image":{"@id":"https:\/\/lifezerosilibrine.eu\/#\/schema\/logo\/image\/"}},{"@type":"Person","@id":"https:\/\/lifezerosilibrine.eu\/#\/schema\/person\/f7a9b2843a921d8ee4942fada4ee1ba3","name":"Miguel Cano","image":{"@type":"ImageObject","inLanguage":"es","@id":"https:\/\/lifezerosilibrine.eu\/#\/schema\/person\/image\/","url":"https:\/\/secure.gravatar.com\/avatar\/26b187222c54292b5cc1fb6c719369181133c469ce662f5d1e17dcf44cad8ab9?s=96&d=mm&r=g","contentUrl":"https:\/\/secure.gravatar.com\/avatar\/26b187222c54292b5cc1fb6c719369181133c469ce662f5d1e17dcf44cad8ab9?s=96&d=mm&r=g","caption":"Miguel Cano"},"url":"https:\/\/lifezerosilibrine.eu\/es\/author\/miguel-cano\/"}]}},"_links":{"self":[{"href":"https:\/\/lifezerosilibrine.eu\/es\/wp-json\/wp\/v2\/posts\/2957","targetHints":{"allow":["GET"]}}],"collection":[{"href":"https:\/\/lifezerosilibrine.eu\/es\/wp-json\/wp\/v2\/posts"}],"about":[{"href":"https:\/\/lifezerosilibrine.eu\/es\/wp-json\/wp\/v2\/types\/post"}],"author":[{"embeddable":true,"href":"https:\/\/lifezerosilibrine.eu\/es\/wp-json\/wp\/v2\/users\/3"}],"replies":[{"embeddable":true,"href":"https:\/\/lifezerosilibrine.eu\/es\/wp-json\/wp\/v2\/comments?post=2957"}],"version-history":[{"count":3,"href":"https:\/\/lifezerosilibrine.eu\/es\/wp-json\/wp\/v2\/posts\/2957\/revisions"}],"predecessor-version":[{"id":2984,"href":"https:\/\/lifezerosilibrine.eu\/es\/wp-json\/wp\/v2\/posts\/2957\/revisions\/2984"}],"wp:featuredmedia":[{"embeddable":true,"href":"https:\/\/lifezerosilibrine.eu\/es\/wp-json\/wp\/v2\/media\/2977"}],"wp:attachment":[{"href":"https:\/\/lifezerosilibrine.eu\/es\/wp-json\/wp\/v2\/media?parent=2957"}],"wp:term":[{"taxonomy":"category","embeddable":true,"href":"https:\/\/lifezerosilibrine.eu\/es\/wp-json\/wp\/v2\/categories?post=2957"},{"taxonomy":"post_tag","embeddable":true,"href":"https:\/\/lifezerosilibrine.eu\/es\/wp-json\/wp\/v2\/tags?post=2957"}],"curies":[{"name":"wp","href":"https:\/\/api.w.org\/{rel}","templated":true}]}}